{"id":2079,"date":"2026-04-22T00:28:28","date_gmt":"2026-04-21T22:28:28","guid":{"rendered":"https:\/\/unitel.rs\/yettel\/?p=2079"},"modified":"2026-04-22T00:28:28","modified_gmt":"2026-04-21T22:28:28","slug":"drustveno-odgovorna-akcija-klub-satelit-i-sindikat-uni-tel","status":"publish","type":"post","link":"https:\/\/unitel.rs\/yettel\/drustveno-odgovorna-akcija-klub-satelit-i-sindikat-uni-tel\/","title":{"rendered":"DRU\u0160TVENO ODGOVORNA AKCIJA Klub Satelit i Sindikat Uni Tel"},"content":{"rendered":"<div class=\"fusion-fullwidth fullwidth-box fusion-builder-row-1 fusion-flex-container nonhundred-percent-fullwidth non-hundred-percent-height-scrolling\" style=\"--awb-border-radius-top-left:0px;--awb-border-radius-top-right:0px;--awb-border-radius-bottom-right:0px;--awb-border-radius-bottom-left:0px;--awb-flex-wrap:wrap;\" ><div class=\"fusion-builder-row fusion-row fusion-flex-align-items-flex-start fusion-flex-content-wrap\" style=\"max-width:calc( 1300px + 0px );margin-left: calc(-0px \/ 2 );margin-right: calc(-0px \/ 2 );\"><div class=\"fusion-layout-column fusion_builder_column fusion-builder-column-0 fusion_builder_column_1_1 1_1 fusion-flex-column\" style=\"--awb-bg-size:cover;--awb-width-large:100%;--awb-margin-top-large:0px;--awb-spacing-right-large:0px;--awb-margin-bottom-large:20px;--awb-spacing-left-large:0px;--awb-width-medium:100%;--awb-spacing-right-medium:0px;--awb-spacing-left-medium:0px;--awb-width-small:100%;--awb-spacing-right-small:0px;--awb-spacing-left-small:0px;\"><div class=\"fusion-column-wrapper fusion-flex-justify-content-flex-start fusion-content-layout-column\"><div class=\"fusion-text fusion-text-1\"><h1>Sindikat Uni Tel potpisao je Ugovor o poslovnoj saradnji sa Klubom Satelit i Hotelom Satelit LUX<\/h1>\n<p>U sklopu te saradnje i promocije hotele zajednicki pokrecemo drustveno odgovornu akciju.<\/p>\n<p><strong>Sindikat je obezbedio :<\/strong><\/p>\n<ul>\n<li>jedan besplatan trodnevni boravak za samohranu majku<\/li>\n<li>jedan besplatan trodnevni boravak za porodicu \u010dije dete ima pote\u0161ko\u0107e u razvoju<\/li>\n<\/ul>\n<p>Pozivamo sve kolege clanove sindikata da predlo\u017eite kandidate za koje smatrate da bi im ovakav vid podr\u0161ke najvi\u0161e zna\u010dio.<\/p>\n<p><strong>Ko mo\u017ee biti predlo\u017een?<\/strong><br \/>\n\u2013 \u010dlanovi sindikata ili \u010dlanovi njihove u\u017ee porodice<br \/>\n\u2013 osobe koje se nalaze u te\u017eoj \u017eivotnoj situaciji a clanovi su sindikata<\/p>\n<p><strong>Kako predlo\u017eiti kandidata?<br \/>\n<\/strong>Potrebno je da po\u0161aljete:<br \/>\n\u2022 ime i prezime<br \/>\n\u2022 kratak opis situacije (par re\u010denica)<br \/>\n\u2022 kontakt (uz saglasnost kandidata)<\/p>\n<p>Predloge mo\u017eete slati do 05.05.2026. na mejl <u><a href=\"mailto:sindikat@yettel.rs\">sindikat@yettel.rs<\/a><\/u><\/p>\n<p><strong>Na\u010din izbora kandidata<\/strong><\/p>\n<p>Selekcija \u0107e biti izvr\u0161ena uz maksimalnu odgovornost i diskreciju, na osnovu slede\u0107ih principa:<br \/>\n\u2013 prioritet \u0107e imati kandidati u najte\u017eoj \u017eivotnoj i materijalnoj situaciji<br \/>\n\u2013 u obzir \u0107e se uzimati specifi\u010dne porodi\u010dne okolnosti i potrebe<br \/>\n\u2013 broj predloga za jednog kandidata ne uti\u010de na odluku<\/p>\n<p>Sve dostavljene informacije bi\u0107e tretirane poverljivo, uz puno po\u0161tovanje privatnosti.<\/p>\n<p>Hvala vam \u0161to zajedno pokazujemo solidarnost i brigu o na\u0161im kolegama.<\/p>\n<p>Srda\u010dan pozdrav,<br \/>\nVa\u0161 sindikat<\/p>\n<\/div><\/div><\/div><\/div><\/div>\n","protected":false},"excerpt":{"rendered":"","protected":false},"author":1,"featured_media":2080,"comment_status":"open","ping_status":"open","sticky":false,"template":"","format":"standard","meta":{"_jetpack_newsletter_access":"","_jetpack_dont_email_post_to_subs":false,"_jetpack_newsletter_tier_id":0,"_jetpack_memberships_contains_paywalled_content":false,"_jetpack_memberships_contains_paid_content":false,"footnotes":""},"categories":[18],"tags":[],"class_list":["post-2079","post","type-post","status-publish","format-standard","has-post-thumbnail","hentry","category-novosti"],"jetpack_sharing_enabled":true,"jetpack_featured_media_url":"https:\/\/unitel.rs\/yettel\/wp-content\/uploads\/2026\/04\/DRUSTVENO-ODGOVORNA-AKCIJA-Klub-Satelit-i-Sindikat-Uni-Tel-.jpg","_links":{"self":[{"href":"https:\/\/unitel.rs\/yettel\/wp-json\/wp\/v2\/posts\/2079","targetHints":{"allow":["GET"]}}],"collection":[{"href":"https:\/\/unitel.rs\/yettel\/wp-json\/wp\/v2\/posts"}],"about":[{"href":"https:\/\/unitel.rs\/yettel\/wp-json\/wp\/v2\/types\/post"}],"author":[{"embeddable":true,"href":"https:\/\/unitel.rs\/yettel\/wp-json\/wp\/v2\/users\/1"}],"replies":[{"embeddable":true,"href":"https:\/\/unitel.rs\/yettel\/wp-json\/wp\/v2\/comments?post=2079"}],"version-history":[{"count":1,"href":"https:\/\/unitel.rs\/yettel\/wp-json\/wp\/v2\/posts\/2079\/revisions"}],"predecessor-version":[{"id":2081,"href":"https:\/\/unitel.rs\/yettel\/wp-json\/wp\/v2\/posts\/2079\/revisions\/2081"}],"wp:featuredmedia":[{"embeddable":true,"href":"https:\/\/unitel.rs\/yettel\/wp-json\/wp\/v2\/media\/2080"}],"wp:attachment":[{"href":"https:\/\/unitel.rs\/yettel\/wp-json\/wp\/v2\/media?parent=2079"}],"wp:term":[{"taxonomy":"category","embeddable":true,"href":"https:\/\/unitel.rs\/yettel\/wp-json\/wp\/v2\/categories?post=2079"},{"taxonomy":"post_tag","embeddable":true,"href":"https:\/\/unitel.rs\/yettel\/wp-json\/wp\/v2\/tags?post=2079"}],"curies":[{"name":"wp","href":"https:\/\/api.w.org\/{rel}","templated":true}]}}