{"id":2086,"date":"2026-05-20T22:34:56","date_gmt":"2026-05-20T20:34:56","guid":{"rendered":"https:\/\/unitel.rs\/yettel\/?p=2086"},"modified":"2026-05-20T22:35:47","modified_gmt":"2026-05-20T20:35:47","slug":"pomozimo-aleksandri-2","status":"publish","type":"post","link":"https:\/\/unitel.rs\/yettel\/pomozimo-aleksandri-2\/","title":{"rendered":"POMOZIMO ALEKSANDRI"},"content":{"rendered":"<div class=\"fusion-fullwidth fullwidth-box fusion-builder-row-1 fusion-flex-container nonhundred-percent-fullwidth non-hundred-percent-height-scrolling\" style=\"--awb-border-radius-top-left:0px;--awb-border-radius-top-right:0px;--awb-border-radius-bottom-right:0px;--awb-border-radius-bottom-left:0px;--awb-flex-wrap:wrap;\" ><div class=\"fusion-builder-row fusion-row fusion-flex-align-items-flex-start fusion-flex-content-wrap\" style=\"max-width:calc( 1300px + 0px );margin-left: calc(-0px \/ 2 );margin-right: calc(-0px \/ 2 );\"><div class=\"fusion-layout-column fusion_builder_column fusion-builder-column-0 fusion_builder_column_1_1 1_1 fusion-flex-column\" style=\"--awb-bg-size:cover;--awb-width-large:100%;--awb-margin-top-large:0px;--awb-spacing-right-large:0px;--awb-margin-bottom-large:20px;--awb-spacing-left-large:0px;--awb-width-medium:100%;--awb-spacing-right-medium:0px;--awb-spacing-left-medium:0px;--awb-width-small:100%;--awb-spacing-right-small:0px;--awb-spacing-left-small:0px;\"><div class=\"fusion-column-wrapper fusion-flex-justify-content-flex-start fusion-content-layout-column\"><div class=\"fusion-text fusion-text-1\"><h1>POMOZIMO ALEKSANDRI<\/h1>\n<p>Drage koleginice i kolege,<\/p>\n<p>Aleksandra ve\u0107 mesecima vodi te\u0161ku i iscrpljuju\u0107u borbu sa ozbiljnom bole\u0161\u0107u. Zvani\u010dna dijagnoza glasi: Anal intraepithelial<\/p>\n<p>neoplasia gradus III in alteratio maligna \u2013 carcinoma squamocellulare invasivum canalis analis et cutis perianalis.<\/p>\n<p>Zbog specifi\u010dnosti mesta na kom se nalazi kancer i te\u017eine bolesti, kao i potrebe da terapije zapo\u010dnu \u0161to pre i budu sprovedene sa<\/p>\n<p>najve\u0107om mogu\u0107om precizno\u0161\u0107u, odlu\u010deno je da le\u010denje nastavi na specijalizovanoj klinici u Atini.<\/p>\n<p>Odluka je doneta jer klinika raspola\u017ee inovativnim terapijama i pristupom koji pru\u017ea najve\u0107u \u0161ansu za uspe\u0161an ishod, uz o\u010duvanje<\/p>\n<p>funkcije okolnih organa i celokupnog organizma.<\/p>\n<p>Iza Aleksandre su ve\u0107 zahtevne dijagnostike, operacije, kao i intenzivni ciklusi zra\u010dne i hemioterapije, kako u inostranstvu, tako i u<\/p>\n<p>Beogradu. Le\u010denje je dugotrajno, neizvesno i izuzetno skupo, ali uliva nadu.<\/p>\n<p>Naredni korak podrazumeva nastavak terapija uz uklju\u010divanje imunoterapije, za koju je Aleksandra dobar kandidat.<\/p>\n<p>Do sada je za le\u010denje izdvojeno vi\u0161e od 30.000 evra, dok su samo prvi ciklusi terapije u inostranstvu iznosili oko 20.000 evra.<\/p>\n<p>Aleksandra nije samo na\u0161a koleginica.<\/p>\n<p>Ona je supruga, majka dvoje dece i deo na\u0161e kompanije vi\u0161e od 25 godina \u2013 od samih po\u010detaka do danas.<\/p>\n<p>Tokom svih tih godina bila je osoba na koju smo mogli da se oslonimo.\u00a0 Danas je njoj potrebna na\u0161a podr\u0161ka.<\/p>\n<p>Nakon inicijalnog poziva upu\u0107enog putem Yettel Town portala, veliki broj vas ve\u0107 je pokazao humanost, solidarnost i spremnost da pomogne.<\/p>\n<p>Na tome vam iskreno zahvaljujemo. Do sada je prikupljen zna\u010dajan deo sredstava, ali jo\u0161 uvek nedostaje vi\u0161e od dve tre\u0107ine procenjenog iznosa potrebnog za nastavak le\u010denja.<\/p>\n<p>Zato vam se ponovo obra\u0107amo sa jednostavnom idejom \u2013 da zajedni\u010dkim, pojedina\u010dno manjim doprinosom, omogu\u0107imo da se preostala sredstva prikupe \u0161to pre.<\/p>\n<p>Kada bi svako od nas, kao deo tima od preko 3.500 zaposlenih, donirao po 2.400 dinara, preostali procenjeni iznos mogao bi biti prikupljen veoma brzo.<\/p>\n<p>Svesni smo da je u velikom kolektivu najva\u017enije da informacija stigne do svakog zaposlenog. Zato smo se obratili slu\u017ebi ljudskih resursa sa molbom da se poziv prosledi svim zaposlenima putem imejla, a po potrebi i putem SMS poruke, kao i da se omogu\u0107i realizacija donacija putem administrativne zabrane na zaradu, kako bi proces bio jednostavan i dostupan svima koji \u017eele da u\u010destvuju. Za ovu inicijativu dobili smo saglasnost i podr\u0161ku.<\/p>\n<p>Sada je na nama da poka\u017eemo snagu zajedni\u0161tva. Redovno \u0107emo vas obave\u0161tavati o prikupljenim sredstvima i preostalom iznosu do cilja, dok \u0107e sva prikupljena sredstva biti direktno usmerena medicinskoj ustanovi u kojoj se Aleksandra le\u010di. Ovo je trenutak kada kao kolektiv mo\u017eemo da poka\u017eemo da kolegijalnost, solidarnost i zajedni\u0161tvo nisu samo re\u010di, ve\u0107 vrednosti koje zaista \u017eivimo.<\/p>\n<p>Pozivamo vas da se jo\u0161 jednom uklju\u010dimo i zajedno napravimo veliku razliku za Aleksandru i njenu porodicu.<\/p>\n<p>Racun za uplatu Banka Intesa 160-6000002163017-07<\/p>\n<p>Hvala vam na humanosti, podr\u0161ci i solidarnosti.<\/p>\n<\/div><\/div><\/div><\/div><\/div>\n","protected":false},"excerpt":{"rendered":"","protected":false},"author":67,"featured_media":2087,"comment_status":"open","ping_status":"open","sticky":false,"template":"","format":"standard","meta":{"_jetpack_newsletter_access":"","_jetpack_dont_email_post_to_subs":false,"_jetpack_newsletter_tier_id":0,"_jetpack_memberships_contains_paywalled_content":false,"_jetpack_memberships_contains_paid_content":false,"footnotes":""},"categories":[18],"tags":[],"class_list":["post-2086","post","type-post","status-publish","format-standard","has-post-thumbnail","hentry","category-novosti"],"jetpack_sharing_enabled":true,"jetpack_featured_media_url":"https:\/\/unitel.rs\/yettel\/wp-content\/uploads\/2026\/05\/2.jpg","_links":{"self":[{"href":"https:\/\/unitel.rs\/yettel\/wp-json\/wp\/v2\/posts\/2086","targetHints":{"allow":["GET"]}}],"collection":[{"href":"https:\/\/unitel.rs\/yettel\/wp-json\/wp\/v2\/posts"}],"about":[{"href":"https:\/\/unitel.rs\/yettel\/wp-json\/wp\/v2\/types\/post"}],"author":[{"embeddable":true,"href":"https:\/\/unitel.rs\/yettel\/wp-json\/wp\/v2\/users\/67"}],"replies":[{"embeddable":true,"href":"https:\/\/unitel.rs\/yettel\/wp-json\/wp\/v2\/comments?post=2086"}],"version-history":[{"count":2,"href":"https:\/\/unitel.rs\/yettel\/wp-json\/wp\/v2\/posts\/2086\/revisions"}],"predecessor-version":[{"id":2089,"href":"https:\/\/unitel.rs\/yettel\/wp-json\/wp\/v2\/posts\/2086\/revisions\/2089"}],"wp:featuredmedia":[{"embeddable":true,"href":"https:\/\/unitel.rs\/yettel\/wp-json\/wp\/v2\/media\/2087"}],"wp:attachment":[{"href":"https:\/\/unitel.rs\/yettel\/wp-json\/wp\/v2\/media?parent=2086"}],"wp:term":[{"taxonomy":"category","embeddable":true,"href":"https:\/\/unitel.rs\/yettel\/wp-json\/wp\/v2\/categories?post=2086"},{"taxonomy":"post_tag","embeddable":true,"href":"https:\/\/unitel.rs\/yettel\/wp-json\/wp\/v2\/tags?post=2086"}],"curies":[{"name":"wp","href":"https:\/\/api.w.org\/{rel}","templated":true}]}}