{"id":2107,"date":"2026-07-24T22:29:23","date_gmt":"2026-07-24T20:29:23","guid":{"rendered":"https:\/\/unitel.rs\/yettel\/?p=2107"},"modified":"2026-07-24T22:39:51","modified_gmt":"2026-07-24T20:39:51","slug":"veliki-odziv-na-anketu-pogledaj-predloge-i-glasaj-za-prioritete","status":"publish","type":"post","link":"https:\/\/unitel.rs\/yettel\/veliki-odziv-na-anketu-pogledaj-predloge-i-glasaj-za-prioritete\/","title":{"rendered":"Veliki odziv na anketu \u2013 pogledaj predloge i glasaj za prioritete"},"content":{"rendered":"<div class=\"fusion-fullwidth fullwidth-box fusion-builder-row-1 fusion-flex-container nonhundred-percent-fullwidth non-hundred-percent-height-scrolling\" style=\"--awb-border-radius-top-left:0px;--awb-border-radius-top-right:0px;--awb-border-radius-bottom-right:0px;--awb-border-radius-bottom-left:0px;--awb-flex-wrap:wrap;\" ><div class=\"fusion-builder-row fusion-row fusion-flex-align-items-flex-start fusion-flex-content-wrap\" style=\"max-width:calc( 1300px + 0px );margin-left: calc(-0px \/ 2 );margin-right: calc(-0px \/ 2 );\"><div class=\"fusion-layout-column fusion_builder_column fusion-builder-column-0 fusion_builder_column_1_1 1_1 fusion-flex-column\" style=\"--awb-bg-size:cover;--awb-width-large:100%;--awb-margin-top-large:0px;--awb-spacing-right-large:0px;--awb-margin-bottom-large:20px;--awb-spacing-left-large:0px;--awb-width-medium:100%;--awb-spacing-right-medium:0px;--awb-spacing-left-medium:0px;--awb-width-small:100%;--awb-spacing-right-small:0px;--awb-spacing-left-small:0px;\"><div class=\"fusion-column-wrapper fusion-flex-justify-content-flex-start fusion-content-layout-column\"><div class=\"fusion-text fusion-text-1\"><h1 class=\"entry-title fusion-post-title fusion-responsive-typography-calculated\" data-fontsize=\"48\" data-lineheight=\"57.6px\">Veliki odziv na anketu \u2013 pogledaj predloge i glasaj za prioritete<\/h1>\n<p>Sindikat Uni Tel u kompaniji Yettel zahvaljuje svima koji su u\u010destvovali u anketi i poslali svoje predloge za predstoje\u0107e kolektivno pregovaranje. Pristigao je veliki broj kvalitetnih predloga \u0161to pokazuje da postoji veliko interesovanje da zajedno unapredimo uslove rada.<\/p>\n<p>Trenutno je u toku grupisanje svih pristiglih predloga u dve celine:<\/p>\n<ul>\n<li><strong>predloge koji mogu biti predmet kolektivnog pregovaranja<\/strong> i koji mogu postati deo novog Kolektivnog ugovora;<\/li>\n<li><strong>predloge koji se odnose na operativna pitanja<\/strong>, koja \u0107e Sindikat pokretati i re\u0161avati u saradnji sa HR timom i drugim nadle\u017enim timovima u kompaniji.<\/li>\n<\/ul>\n<p>U narednom periodu \u0107emo se baviti svim pristiglim predlozima iz obe celine i redovno obave\u0161tavati sve zaposlene o aktivnostima, toku razgovora i ostvarenom napretku.<\/p>\n<p>Sada je vreme da odredimo prioritete.<\/p>\n<p><strong>Kolektivni ugovor je dokument koji odre\u0111uje uslove rada svih zaposlenih. Zato verujemo da svako treba da ima priliku da uti\u010de na njegov sadr\u017eaj.<\/strong><\/p>\n<p><a href=\"https:\/\/unitel.rs\/yettel\/wp-content\/uploads\/2026\/07\/Pristupnica-sa-flajerom.pdf\" target=\"_blank\" rel=\"noopener\"><strong>Pristupnica sa flajerom &gt;&gt;&gt;<\/strong><\/a><\/p>\n<p>Sindikat Uni Tel u kompaniji Yettel<\/p>\n<\/div><\/div><\/div><\/div><\/div>\n","protected":false},"excerpt":{"rendered":"","protected":false},"author":2,"featured_media":2110,"comment_status":"open","ping_status":"open","sticky":false,"template":"","format":"standard","meta":{"_jetpack_newsletter_access":"","_jetpack_dont_email_post_to_subs":false,"_jetpack_newsletter_tier_id":0,"_jetpack_memberships_contains_paywalled_content":false,"_jetpack_memberships_contains_paid_content":false,"footnotes":""},"categories":[18],"tags":[],"class_list":["post-2107","post","type-post","status-publish","format-standard","has-post-thumbnail","hentry","category-novosti"],"jetpack_sharing_enabled":true,"jetpack_featured_media_url":"https:\/\/unitel.rs\/yettel\/wp-content\/uploads\/2026\/07\/1.jpg","_links":{"self":[{"href":"https:\/\/unitel.rs\/yettel\/wp-json\/wp\/v2\/posts\/2107","targetHints":{"allow":["GET"]}}],"collection":[{"href":"https:\/\/unitel.rs\/yettel\/wp-json\/wp\/v2\/posts"}],"about":[{"href":"https:\/\/unitel.rs\/yettel\/wp-json\/wp\/v2\/types\/post"}],"author":[{"embeddable":true,"href":"https:\/\/unitel.rs\/yettel\/wp-json\/wp\/v2\/users\/2"}],"replies":[{"embeddable":true,"href":"https:\/\/unitel.rs\/yettel\/wp-json\/wp\/v2\/comments?post=2107"}],"version-history":[{"count":2,"href":"https:\/\/unitel.rs\/yettel\/wp-json\/wp\/v2\/posts\/2107\/revisions"}],"predecessor-version":[{"id":2111,"href":"https:\/\/unitel.rs\/yettel\/wp-json\/wp\/v2\/posts\/2107\/revisions\/2111"}],"wp:featuredmedia":[{"embeddable":true,"href":"https:\/\/unitel.rs\/yettel\/wp-json\/wp\/v2\/media\/2110"}],"wp:attachment":[{"href":"https:\/\/unitel.rs\/yettel\/wp-json\/wp\/v2\/media?parent=2107"}],"wp:term":[{"taxonomy":"category","embeddable":true,"href":"https:\/\/unitel.rs\/yettel\/wp-json\/wp\/v2\/categories?post=2107"},{"taxonomy":"post_tag","embeddable":true,"href":"https:\/\/unitel.rs\/yettel\/wp-json\/wp\/v2\/tags?post=2107"}],"curies":[{"name":"wp","href":"https:\/\/api.w.org\/{rel}","templated":true}]}}